{"id":1024,"date":"2020-11-19T16:03:38","date_gmt":"2020-11-19T21:03:38","guid":{"rendered":"https:\/\/stevenstoffelsen.com\/?p=1024"},"modified":"2020-11-19T16:03:39","modified_gmt":"2020-11-19T21:03:39","slug":"luz-brilla-fuertemente-mundo-oscuro","status":"publish","type":"post","link":"https:\/\/stevenstoffelsen.com\/es\/luz-brilla-fuertemente-mundo-oscuro\/","title":{"rendered":"Luz: Brilla Fuertemente En Este Mundo Oscuro"},"content":{"rendered":"\n<p>Dios nos ha llamado a ser luz. Debemos brillar en los lugares m\u00e1s oscuros. De hecho, Jes\u00fas espera que seamos la luz. Esto es interesante porque parece que recordamos que Jes\u00fas es la luz del mundo (Juan 8:12) Sin embargo, parece que olvidamos que Jes\u00fas dijo lo mismo de nosotros. \u00a1La luz est\u00e1 dentro de nosotros esperando para brillar fuertemente en este mundo oscuro!<\/p>\n\n\n\n<p>Jes\u00fas nos dio un mandato bastante fuerte porque sab\u00eda que ten\u00edamos una obra importante que hacer. A veces pensamos en ser luz como hacer cosas caritativas, alimentar a los vagabundos, dar ropa al necesitado, compartir a Jes\u00fas, etc. Aunque todas estas cosas son buenas, no era lo que Jes\u00fas quer\u00eda decir al ser la luz. Debemos hacer estas cosas, pero para ser la luz hay mucho m\u00e1s.<\/p>\n\n\n\n<p><em>Vosotros sois la luz del mundo;&nbsp;una ciudad asentada sobre un monte no se puede esconder.Ni se enciende una luz y se pone debajo de un almud, sino sobre el candelero,&nbsp;y alumbra a todos los que est\u00e1n en casa. As\u00ed alumbre vuestra luz delante de los hombres, para que vean vuestras buenas obras, y glorifiquen a vuestro Padre que est\u00e1 en los cielos.<\/em> <strong>Mateo 5:14-16<\/strong><em><\/em><\/p>\n\n\n\n<p>Debemos llevar o brillar su luz. Esta luz nunca se apagar\u00e1 ni se oscurecer\u00e1. No intentas ocultar la luz. Deja que brille a trav\u00e9s de ti. Al hacer esto, glorificar\u00e1s a tu Padre. Glorificas a tu Padre siendo la luz, pero no es la forma en que piensas.<\/p>\n\n\n\n<h2 class=\"wp-block-heading\">1.&nbsp;&nbsp;&nbsp;&nbsp;&nbsp; Los milagros hacen que la luz brille.<\/h2>\n\n\n\n<p><em>Al pasar Jes\u00fas, vio a un hombre ciego de nacimiento. &nbsp;Y le preguntaron sus disc\u00edpulos, diciendo: Rab\u00ed, \u00bfqui\u00e9n pec\u00f3, \u00e9ste o sus padres, para que haya nacido ciego? Respondi\u00f3 Jes\u00fas: No es que pec\u00f3 \u00e9ste, ni sus padres, sino para que las obras de Dios se manifiesten en \u00e9l. Me es necesario hacer las obras del que me envi\u00f3, entre tanto que el d\u00eda dura; la noche viene, cuando nadie puede trabajar. Entre tanto que estoy en el mundo, luz soy del mundo. Dicho esto, escupi\u00f3 en tierra, e hizo lodo con la saliva, y unt\u00f3 con el lodo los ojos del ciego, y le dijo: Ve a lavarte en el estanque de Silo\u00e9 (que traducido es, Enviado). Fue entonces, y se lav\u00f3, y regres\u00f3 viendo. <\/em><strong>&nbsp;Juan 9:1-7<\/strong><em><\/em><\/p>\n\n\n\n<p>Aqu\u00ed Jes\u00fas afirma que \u00e9l es la luz del mundo. Dice que debe hacer las obras de aquel que lo envi\u00f3. Al decir estas cosas, san\u00f3 a la persona enferma. Por lo tanto, esto es lo que significa ser la luz. T\u00fa haces las obras que hizo. Si \u00e9l hizo milagros, t\u00fa tambi\u00e9n lo har\u00e1s.<\/p>\n\n\n\n<p>Si quieres brillar como la luz en el mundo, entonces debes hacer las obras que \u00e9l hizo. No s\u00f3lo aliment\u00f3 a los hambrientos. No s\u00f3lo le dio a la gente las cosas que necesitaban despu\u00e9s de una tormenta. San\u00f3 sus cuerpos, liber\u00f3 a los atados y les mostr\u00f3 al Padre.<\/p>\n\n\n\n<p>No estoy en contra de las buenas obras. Mi esposa y yo hacemos muchas de las cosas que mencion\u00e9, pero queremos hacer algo m\u00e1s que llenar el est\u00f3mago de la gente. Queremos que la gente encuentre a Jes\u00fas a trav\u00e9s de nosotros.<\/p>\n\n\n\n<h2 class=\"wp-block-heading\">2.\u00a0\u00a0\u00a0\u00a0\u00a0 La luz causa que muestres misericordia y perd\u00f3n.<\/h2>\n\n\n\n<p><em>Enderez\u00e1ndose Jes\u00fas, y no viendo a nadie sino a la mujer, le dijo: Mujer, \u00bfd\u00f3nde est\u00e1n los que te acusaban? \u00bfNinguno te conden\u00f3? &nbsp;Ella dijo: Ninguno, Se\u00f1or. Entonces Jes\u00fas le dijo: Ni yo te condeno; vete, y no peques m\u00e1s. Otra vez Jes\u00fas les habl\u00f3, diciendo: Yo soy la luz del mundo; el que me sigue, no andar\u00e1 en tinieblas, sino que tendr\u00e1 la luz de la vida. <\/em><strong>Juan 8:10-12<\/strong><em><\/em><\/p>\n\n\n\n<p>F\u00edjate una vez m\u00e1s cuando Jes\u00fas mencion\u00f3 que era la luz del mundo. En contexto, est\u00e1 diciendo que, al mostrar misericordia y perd\u00f3n, estaba siendo la luz. Debemos ser personas que siempre muestren misericordia&nbsp; y perd\u00f3n. No podemos juzgar y condenar a las personas y decir que somos cristianos. Incluso si las cosas que la gente est\u00e1 haciendo son pecaminosas, no necesitamos se\u00f1alar eso. Debemos se\u00f1alarlos a Jes\u00fas y su perd\u00f3n por los pecados.<\/p>\n\n\n\n<p>Los religiosos acusaron. Ten\u00edan una excusa para odiar y asesinar a esta mujer. En consecuencia, la luz expuso lo que hab\u00eda en sus corazones. Jes\u00fas no les dijo nada. Sus propios pecados comenzaron a parecer pecaminosos al ver la misericordia y el perd\u00f3n de Jes\u00fas.<\/p>\n\n\n\n<h2 class=\"wp-block-heading\">3.&nbsp;&nbsp;&nbsp;&nbsp;&nbsp; Es hora de brillar nuestras luces en este mundo oscuro como Jes\u00fas nos dijo hacer.<\/h2>\n\n\n\n<p><em>Y yendo, predicad, diciendo: El reino de los cielos se ha acercado. Sanad enfermos, limpiad leprosos, resucitad muertos, echad fuera demonios; de gracia recibisteis, dad de gracia.<\/em> <strong>Mateo 10:7-8<\/strong><\/p>\n\n\n\n<p>As\u00ed es como podemos brillar como luces. Hagan las mismas obras que Jes\u00fas. Nos llam\u00f3 para hacer milagros. Jes\u00fas nos encarg\u00f3 hacer las mismas obras y a\u00fan mayores que las que hizo (Juan 14:12). Los milagros deben ser un estilo de vida para nosotros.<\/p>\n\n\n\n<p>Jes\u00fas no desperdici\u00f3 ni un minuto de su vida aqu\u00ed en la tierra. Hizo lo que se ten\u00eda que hacer. Nos ense\u00f1\u00f3 a brillar. Brillamos a trav\u00e9s de milagros, misericordia y perd\u00f3n. Nos damos cuenta de que todo lo que tenemos es a trav\u00e9s de \u00e9l. Nos dio lo que no nos merec\u00edamos. Debemos mostrar a la gente que Jes\u00fas hizo lo mismo por ellos.<\/p>\n\n\n\n<h3 class=\"wp-block-heading\">Conclusi\u00f3n:<\/h3>\n\n\n\n<p>Deja que su luz brille a trav\u00e9s de ti. Decide hacer que milagros sean parte de tu vida. No seas cristiano solo cuando vayas a la iglesia. Vive como Cristo dondequiera que vayas y hagas.<\/p>\n\n\n\n<p>Steven Stoffelsen<\/p>\n\n\n\n<p>Autor de <a href=\"http:\/\/stevenstoffelsen.com\">Trusting God&#8217;s Timing<\/a><\/p>\n\n\n\n<p><\/p>\n","protected":false},"excerpt":{"rendered":"<p>Dios nos ha llamado a ser luz. Debemos brillar en los lugares m\u00e1s oscuros. De hecho, Jes\u00fas espera que seamos la luz. Esto es interesante porque parece que recordamos que Jes\u00fas es la luz del mundo (Juan 8:12) Sin embargo, parece que olvidamos que Jes\u00fas dijo lo mismo de nosotros. \u00a1La luz est\u00e1 dentro de nosotros esperando<\/p>\n<p><span class=\"xf__dots\">&#8230;<\/span><a class=\"xf__more xf__button\" href=\"https:\/\/stevenstoffelsen.com\/es\/luz-brilla-fuertemente-mundo-oscuro\/\">Read More<\/a><\/p>\n","protected":false},"author":2,"featured_media":1029,"comment_status":"open","ping_status":"open","sticky":false,"template":"","format":"standard","meta":{"jetpack_post_was_ever_published":false,"_jetpack_newsletter_access":"","_jetpack_dont_email_post_to_subs":false,"_jetpack_newsletter_tier_id":0,"_jetpack_memberships_contains_paywalled_content":false,"_jetpack_memberships_contains_paid_content":false,"footnotes":"","jetpack_publicize_message":"","jetpack_publicize_feature_enabled":true,"jetpack_social_post_already_shared":true,"jetpack_social_options":{"image_generator_settings":{"template":"highway","default_image_id":0,"font":"","enabled":false},"version":2}},"categories":[144],"tags":[231,138,146,233,234,236,237,235],"class_list":["post-1024","post","type-post","status-publish","format-standard","has-post-thumbnail","hentry","category-blog-2","tag-brillar","tag-dios","tag-jesus-2","tag-milagros","tag-misericordia","tag-mundo","tag-oscuridad","tag-perdon","xf__entry"],"yoast_head":"<!-- This site is optimized with the Yoast SEO plugin v27.5 - https:\/\/yoast.com\/product\/yoast-seo-wordpress\/ -->\n<title>Luz: Brilla Fuertemente En Este Mundo Oscuro - Steven Stoffelsen<\/title>\n<meta name=\"description\" content=\"Dios nos ha llamado a ser luz. Debemos brillar en los lugares m\u00e1s oscuros. De hecho, Jes\u00fas espera que seamos la luz. Esto es interesante\" \/>\n<meta name=\"robots\" content=\"index, follow, max-snippet:-1, max-image-preview:large, max-video-preview:-1\" \/>\n<link rel=\"canonical\" href=\"https:\/\/stevenstoffelsen.com\/es\/luz-brilla-fuertemente-mundo-oscuro\/\" \/>\n<meta property=\"og:locale\" content=\"es_ES\" \/>\n<meta property=\"og:type\" content=\"article\" \/>\n<meta property=\"og:title\" content=\"Luz: Brilla Fuertemente En Este Mundo Oscuro - Steven Stoffelsen\" \/>\n<meta property=\"og:description\" content=\"Dios nos ha llamado a ser luz. Debemos brillar en los lugares m\u00e1s oscuros. De hecho, Jes\u00fas espera que seamos la luz. Esto es interesante\" \/>\n<meta property=\"og:url\" content=\"https:\/\/stevenstoffelsen.com\/es\/luz-brilla-fuertemente-mundo-oscuro\/\" \/>\n<meta property=\"og:site_name\" content=\"Steven Stoffelsen\" \/>\n<meta property=\"article:publisher\" content=\"https:\/\/www.facebook.com\/stevenkarlastoffelsen\/\" \/>\n<meta property=\"article:author\" content=\"https:\/\/www.facebook.com\/stevenkarlastoffelsen\/\" \/>\n<meta property=\"article:published_time\" content=\"2020-11-19T21:03:38+00:00\" \/>\n<meta property=\"article:modified_time\" content=\"2020-11-19T21:03:39+00:00\" \/>\n<meta property=\"og:image\" content=\"https:\/\/i2.wp.com\/stevenstoffelsen.com\/wp-content\/uploads\/2020\/11\/Luz-Brilla.png?fit=2240%2C1260&ssl=1\" \/>\n\t<meta property=\"og:image:width\" content=\"2240\" \/>\n\t<meta property=\"og:image:height\" content=\"1260\" \/>\n\t<meta property=\"og:image:type\" content=\"image\/png\" \/>\n<meta name=\"author\" content=\"Steven Stoffelsen\" \/>\n<meta name=\"twitter:card\" content=\"summary_large_image\" \/>\n<meta name=\"twitter:label1\" content=\"Escrito por\" \/>\n\t<meta name=\"twitter:data1\" content=\"Steven Stoffelsen\" \/>\n\t<meta name=\"twitter:label2\" content=\"Tiempo de lectura\" \/>\n\t<meta name=\"twitter:data2\" content=\"5 minutos\" \/>\n<script type=\"application\/ld+json\" class=\"yoast-schema-graph\">{\"@context\":\"https:\\\/\\\/schema.org\",\"@graph\":[{\"@type\":\"Article\",\"@id\":\"https:\\\/\\\/stevenstoffelsen.com\\\/es\\\/luz-brilla-fuertemente-mundo-oscuro\\\/#article\",\"isPartOf\":{\"@id\":\"https:\\\/\\\/stevenstoffelsen.com\\\/es\\\/luz-brilla-fuertemente-mundo-oscuro\\\/\"},\"author\":{\"name\":\"Steven Stoffelsen\",\"@id\":\"https:\\\/\\\/stevenstoffelsen.com\\\/es\\\/#\\\/schema\\\/person\\\/eba0645f96003c8886747e20def02d3e\"},\"headline\":\"Luz: Brilla Fuertemente En Este Mundo Oscuro\",\"datePublished\":\"2020-11-19T21:03:38+00:00\",\"dateModified\":\"2020-11-19T21:03:39+00:00\",\"mainEntityOfPage\":{\"@id\":\"https:\\\/\\\/stevenstoffelsen.com\\\/es\\\/luz-brilla-fuertemente-mundo-oscuro\\\/\"},\"wordCount\":1008,\"commentCount\":0,\"publisher\":{\"@id\":\"https:\\\/\\\/stevenstoffelsen.com\\\/es\\\/#\\\/schema\\\/person\\\/eba0645f96003c8886747e20def02d3e\"},\"image\":{\"@id\":\"https:\\\/\\\/stevenstoffelsen.com\\\/es\\\/luz-brilla-fuertemente-mundo-oscuro\\\/#primaryimage\"},\"thumbnailUrl\":\"https:\\\/\\\/i0.wp.com\\\/stevenstoffelsen.com\\\/wp-content\\\/uploads\\\/2020\\\/11\\\/Luz-Brilla.png?fit=2240%2C1260&ssl=1\",\"keywords\":[\"brillar\",\"Dios\",\"Jesus\",\"milagros\",\"misericordia\",\"mundo\",\"oscuridad\",\"perdon\"],\"articleSection\":[\"Blog\"],\"inLanguage\":\"es\",\"potentialAction\":[{\"@type\":\"CommentAction\",\"name\":\"Comment\",\"target\":[\"https:\\\/\\\/stevenstoffelsen.com\\\/es\\\/luz-brilla-fuertemente-mundo-oscuro\\\/#respond\"]}]},{\"@type\":\"WebPage\",\"@id\":\"https:\\\/\\\/stevenstoffelsen.com\\\/es\\\/luz-brilla-fuertemente-mundo-oscuro\\\/\",\"url\":\"https:\\\/\\\/stevenstoffelsen.com\\\/es\\\/luz-brilla-fuertemente-mundo-oscuro\\\/\",\"name\":\"Luz: Brilla Fuertemente En Este Mundo Oscuro - Steven Stoffelsen\",\"isPartOf\":{\"@id\":\"https:\\\/\\\/stevenstoffelsen.com\\\/es\\\/#website\"},\"primaryImageOfPage\":{\"@id\":\"https:\\\/\\\/stevenstoffelsen.com\\\/es\\\/luz-brilla-fuertemente-mundo-oscuro\\\/#primaryimage\"},\"image\":{\"@id\":\"https:\\\/\\\/stevenstoffelsen.com\\\/es\\\/luz-brilla-fuertemente-mundo-oscuro\\\/#primaryimage\"},\"thumbnailUrl\":\"https:\\\/\\\/i0.wp.com\\\/stevenstoffelsen.com\\\/wp-content\\\/uploads\\\/2020\\\/11\\\/Luz-Brilla.png?fit=2240%2C1260&ssl=1\",\"datePublished\":\"2020-11-19T21:03:38+00:00\",\"dateModified\":\"2020-11-19T21:03:39+00:00\",\"description\":\"Dios nos ha llamado a ser luz. Debemos brillar en los lugares m\u00e1s oscuros. De hecho, Jes\u00fas espera que seamos la luz. Esto es interesante\",\"breadcrumb\":{\"@id\":\"https:\\\/\\\/stevenstoffelsen.com\\\/es\\\/luz-brilla-fuertemente-mundo-oscuro\\\/#breadcrumb\"},\"inLanguage\":\"es\",\"potentialAction\":[{\"@type\":\"ReadAction\",\"target\":[\"https:\\\/\\\/stevenstoffelsen.com\\\/es\\\/luz-brilla-fuertemente-mundo-oscuro\\\/\"]}]},{\"@type\":\"ImageObject\",\"inLanguage\":\"es\",\"@id\":\"https:\\\/\\\/stevenstoffelsen.com\\\/es\\\/luz-brilla-fuertemente-mundo-oscuro\\\/#primaryimage\",\"url\":\"https:\\\/\\\/i0.wp.com\\\/stevenstoffelsen.com\\\/wp-content\\\/uploads\\\/2020\\\/11\\\/Luz-Brilla.png?fit=2240%2C1260&ssl=1\",\"contentUrl\":\"https:\\\/\\\/i0.wp.com\\\/stevenstoffelsen.com\\\/wp-content\\\/uploads\\\/2020\\\/11\\\/Luz-Brilla.png?fit=2240%2C1260&ssl=1\",\"width\":2240,\"height\":1260,\"caption\":\"luz\"},{\"@type\":\"BreadcrumbList\",\"@id\":\"https:\\\/\\\/stevenstoffelsen.com\\\/es\\\/luz-brilla-fuertemente-mundo-oscuro\\\/#breadcrumb\",\"itemListElement\":[{\"@type\":\"ListItem\",\"position\":1,\"name\":\"Home\",\"item\":\"https:\\\/\\\/stevenstoffelsen.com\\\/es\\\/\"},{\"@type\":\"ListItem\",\"position\":2,\"name\":\"Luz: Brilla Fuertemente En Este Mundo Oscuro\"}]},{\"@type\":\"WebSite\",\"@id\":\"https:\\\/\\\/stevenstoffelsen.com\\\/es\\\/#website\",\"url\":\"https:\\\/\\\/stevenstoffelsen.com\\\/es\\\/\",\"name\":\"Steven Stoffelsen\",\"description\":\"Author, Speaker &amp; Missionary to Guatemala\",\"publisher\":{\"@id\":\"https:\\\/\\\/stevenstoffelsen.com\\\/es\\\/#\\\/schema\\\/person\\\/eba0645f96003c8886747e20def02d3e\"},\"potentialAction\":[{\"@type\":\"SearchAction\",\"target\":{\"@type\":\"EntryPoint\",\"urlTemplate\":\"https:\\\/\\\/stevenstoffelsen.com\\\/es\\\/?s={search_term_string}\"},\"query-input\":{\"@type\":\"PropertyValueSpecification\",\"valueRequired\":true,\"valueName\":\"search_term_string\"}}],\"inLanguage\":\"es\"},{\"@type\":[\"Person\",\"Organization\"],\"@id\":\"https:\\\/\\\/stevenstoffelsen.com\\\/es\\\/#\\\/schema\\\/person\\\/eba0645f96003c8886747e20def02d3e\",\"name\":\"Steven Stoffelsen\",\"image\":{\"@type\":\"ImageObject\",\"inLanguage\":\"es\",\"@id\":\"https:\\\/\\\/i0.wp.com\\\/stevenstoffelsen.com\\\/wp-content\\\/uploads\\\/2016\\\/11\\\/cropped-steve-stoffelsen-title.png?fit=200%2C200&ssl=1\",\"url\":\"https:\\\/\\\/i0.wp.com\\\/stevenstoffelsen.com\\\/wp-content\\\/uploads\\\/2016\\\/11\\\/cropped-steve-stoffelsen-title.png?fit=200%2C200&ssl=1\",\"contentUrl\":\"https:\\\/\\\/i0.wp.com\\\/stevenstoffelsen.com\\\/wp-content\\\/uploads\\\/2016\\\/11\\\/cropped-steve-stoffelsen-title.png?fit=200%2C200&ssl=1\",\"width\":200,\"height\":200,\"caption\":\"Steven Stoffelsen\"},\"logo\":{\"@id\":\"https:\\\/\\\/i0.wp.com\\\/stevenstoffelsen.com\\\/wp-content\\\/uploads\\\/2016\\\/11\\\/cropped-steve-stoffelsen-title.png?fit=200%2C200&ssl=1\"},\"sameAs\":[\"http:\\\/\\\/www.houseofrefuge.ca\",\"https:\\\/\\\/www.facebook.com\\\/stevenkarlastoffelsen\\\/\"]}]}<\/script>\n<!-- \/ Yoast SEO plugin. -->","yoast_head_json":{"title":"Luz: Brilla Fuertemente En Este Mundo Oscuro - Steven Stoffelsen","description":"Dios nos ha llamado a ser luz. Debemos brillar en los lugares m\u00e1s oscuros. De hecho, Jes\u00fas espera que seamos la luz. Esto es interesante","robots":{"index":"index","follow":"follow","max-snippet":"max-snippet:-1","max-image-preview":"max-image-preview:large","max-video-preview":"max-video-preview:-1"},"canonical":"https:\/\/stevenstoffelsen.com\/es\/luz-brilla-fuertemente-mundo-oscuro\/","og_locale":"es_ES","og_type":"article","og_title":"Luz: Brilla Fuertemente En Este Mundo Oscuro - Steven Stoffelsen","og_description":"Dios nos ha llamado a ser luz. Debemos brillar en los lugares m\u00e1s oscuros. De hecho, Jes\u00fas espera que seamos la luz. Esto es interesante","og_url":"https:\/\/stevenstoffelsen.com\/es\/luz-brilla-fuertemente-mundo-oscuro\/","og_site_name":"Steven Stoffelsen","article_publisher":"https:\/\/www.facebook.com\/stevenkarlastoffelsen\/","article_author":"https:\/\/www.facebook.com\/stevenkarlastoffelsen\/","article_published_time":"2020-11-19T21:03:38+00:00","article_modified_time":"2020-11-19T21:03:39+00:00","og_image":[{"width":2240,"height":1260,"url":"https:\/\/i2.wp.com\/stevenstoffelsen.com\/wp-content\/uploads\/2020\/11\/Luz-Brilla.png?fit=2240%2C1260&ssl=1","type":"image\/png"}],"author":"Steven Stoffelsen","twitter_card":"summary_large_image","twitter_misc":{"Escrito por":"Steven Stoffelsen","Tiempo de lectura":"5 minutos"},"schema":{"@context":"https:\/\/schema.org","@graph":[{"@type":"Article","@id":"https:\/\/stevenstoffelsen.com\/es\/luz-brilla-fuertemente-mundo-oscuro\/#article","isPartOf":{"@id":"https:\/\/stevenstoffelsen.com\/es\/luz-brilla-fuertemente-mundo-oscuro\/"},"author":{"name":"Steven Stoffelsen","@id":"https:\/\/stevenstoffelsen.com\/es\/#\/schema\/person\/eba0645f96003c8886747e20def02d3e"},"headline":"Luz: Brilla Fuertemente En Este Mundo Oscuro","datePublished":"2020-11-19T21:03:38+00:00","dateModified":"2020-11-19T21:03:39+00:00","mainEntityOfPage":{"@id":"https:\/\/stevenstoffelsen.com\/es\/luz-brilla-fuertemente-mundo-oscuro\/"},"wordCount":1008,"commentCount":0,"publisher":{"@id":"https:\/\/stevenstoffelsen.com\/es\/#\/schema\/person\/eba0645f96003c8886747e20def02d3e"},"image":{"@id":"https:\/\/stevenstoffelsen.com\/es\/luz-brilla-fuertemente-mundo-oscuro\/#primaryimage"},"thumbnailUrl":"https:\/\/i0.wp.com\/stevenstoffelsen.com\/wp-content\/uploads\/2020\/11\/Luz-Brilla.png?fit=2240%2C1260&ssl=1","keywords":["brillar","Dios","Jesus","milagros","misericordia","mundo","oscuridad","perdon"],"articleSection":["Blog"],"inLanguage":"es","potentialAction":[{"@type":"CommentAction","name":"Comment","target":["https:\/\/stevenstoffelsen.com\/es\/luz-brilla-fuertemente-mundo-oscuro\/#respond"]}]},{"@type":"WebPage","@id":"https:\/\/stevenstoffelsen.com\/es\/luz-brilla-fuertemente-mundo-oscuro\/","url":"https:\/\/stevenstoffelsen.com\/es\/luz-brilla-fuertemente-mundo-oscuro\/","name":"Luz: Brilla Fuertemente En Este Mundo Oscuro - Steven Stoffelsen","isPartOf":{"@id":"https:\/\/stevenstoffelsen.com\/es\/#website"},"primaryImageOfPage":{"@id":"https:\/\/stevenstoffelsen.com\/es\/luz-brilla-fuertemente-mundo-oscuro\/#primaryimage"},"image":{"@id":"https:\/\/stevenstoffelsen.com\/es\/luz-brilla-fuertemente-mundo-oscuro\/#primaryimage"},"thumbnailUrl":"https:\/\/i0.wp.com\/stevenstoffelsen.com\/wp-content\/uploads\/2020\/11\/Luz-Brilla.png?fit=2240%2C1260&ssl=1","datePublished":"2020-11-19T21:03:38+00:00","dateModified":"2020-11-19T21:03:39+00:00","description":"Dios nos ha llamado a ser luz. Debemos brillar en los lugares m\u00e1s oscuros. De hecho, Jes\u00fas espera que seamos la luz. Esto es interesante","breadcrumb":{"@id":"https:\/\/stevenstoffelsen.com\/es\/luz-brilla-fuertemente-mundo-oscuro\/#breadcrumb"},"inLanguage":"es","potentialAction":[{"@type":"ReadAction","target":["https:\/\/stevenstoffelsen.com\/es\/luz-brilla-fuertemente-mundo-oscuro\/"]}]},{"@type":"ImageObject","inLanguage":"es","@id":"https:\/\/stevenstoffelsen.com\/es\/luz-brilla-fuertemente-mundo-oscuro\/#primaryimage","url":"https:\/\/i0.wp.com\/stevenstoffelsen.com\/wp-content\/uploads\/2020\/11\/Luz-Brilla.png?fit=2240%2C1260&ssl=1","contentUrl":"https:\/\/i0.wp.com\/stevenstoffelsen.com\/wp-content\/uploads\/2020\/11\/Luz-Brilla.png?fit=2240%2C1260&ssl=1","width":2240,"height":1260,"caption":"luz"},{"@type":"BreadcrumbList","@id":"https:\/\/stevenstoffelsen.com\/es\/luz-brilla-fuertemente-mundo-oscuro\/#breadcrumb","itemListElement":[{"@type":"ListItem","position":1,"name":"Home","item":"https:\/\/stevenstoffelsen.com\/es\/"},{"@type":"ListItem","position":2,"name":"Luz: Brilla Fuertemente En Este Mundo Oscuro"}]},{"@type":"WebSite","@id":"https:\/\/stevenstoffelsen.com\/es\/#website","url":"https:\/\/stevenstoffelsen.com\/es\/","name":"Steven Stoffelsen","description":"Author, Speaker &amp; Missionary to Guatemala","publisher":{"@id":"https:\/\/stevenstoffelsen.com\/es\/#\/schema\/person\/eba0645f96003c8886747e20def02d3e"},"potentialAction":[{"@type":"SearchAction","target":{"@type":"EntryPoint","urlTemplate":"https:\/\/stevenstoffelsen.com\/es\/?s={search_term_string}"},"query-input":{"@type":"PropertyValueSpecification","valueRequired":true,"valueName":"search_term_string"}}],"inLanguage":"es"},{"@type":["Person","Organization"],"@id":"https:\/\/stevenstoffelsen.com\/es\/#\/schema\/person\/eba0645f96003c8886747e20def02d3e","name":"Steven Stoffelsen","image":{"@type":"ImageObject","inLanguage":"es","@id":"https:\/\/i0.wp.com\/stevenstoffelsen.com\/wp-content\/uploads\/2016\/11\/cropped-steve-stoffelsen-title.png?fit=200%2C200&ssl=1","url":"https:\/\/i0.wp.com\/stevenstoffelsen.com\/wp-content\/uploads\/2016\/11\/cropped-steve-stoffelsen-title.png?fit=200%2C200&ssl=1","contentUrl":"https:\/\/i0.wp.com\/stevenstoffelsen.com\/wp-content\/uploads\/2016\/11\/cropped-steve-stoffelsen-title.png?fit=200%2C200&ssl=1","width":200,"height":200,"caption":"Steven Stoffelsen"},"logo":{"@id":"https:\/\/i0.wp.com\/stevenstoffelsen.com\/wp-content\/uploads\/2016\/11\/cropped-steve-stoffelsen-title.png?fit=200%2C200&ssl=1"},"sameAs":["http:\/\/www.houseofrefuge.ca","https:\/\/www.facebook.com\/stevenkarlastoffelsen\/"]}]}},"jetpack_publicize_connections":[],"jetpack_featured_media_url":"https:\/\/i0.wp.com\/stevenstoffelsen.com\/wp-content\/uploads\/2020\/11\/Luz-Brilla.png?fit=2240%2C1260&ssl=1","jetpack_shortlink":"https:\/\/wp.me\/paQBRI-gw","jetpack_sharing_enabled":true,"_links":{"self":[{"href":"https:\/\/stevenstoffelsen.com\/es\/wp-json\/wp\/v2\/posts\/1024","targetHints":{"allow":["GET"]}}],"collection":[{"href":"https:\/\/stevenstoffelsen.com\/es\/wp-json\/wp\/v2\/posts"}],"about":[{"href":"https:\/\/stevenstoffelsen.com\/es\/wp-json\/wp\/v2\/types\/post"}],"author":[{"embeddable":true,"href":"https:\/\/stevenstoffelsen.com\/es\/wp-json\/wp\/v2\/users\/2"}],"replies":[{"embeddable":true,"href":"https:\/\/stevenstoffelsen.com\/es\/wp-json\/wp\/v2\/comments?post=1024"}],"version-history":[{"count":3,"href":"https:\/\/stevenstoffelsen.com\/es\/wp-json\/wp\/v2\/posts\/1024\/revisions"}],"predecessor-version":[{"id":1031,"href":"https:\/\/stevenstoffelsen.com\/es\/wp-json\/wp\/v2\/posts\/1024\/revisions\/1031"}],"wp:featuredmedia":[{"embeddable":true,"href":"https:\/\/stevenstoffelsen.com\/es\/wp-json\/wp\/v2\/media\/1029"}],"wp:attachment":[{"href":"https:\/\/stevenstoffelsen.com\/es\/wp-json\/wp\/v2\/media?parent=1024"}],"wp:term":[{"taxonomy":"category","embeddable":true,"href":"https:\/\/stevenstoffelsen.com\/es\/wp-json\/wp\/v2\/categories?post=1024"},{"taxonomy":"post_tag","embeddable":true,"href":"https:\/\/stevenstoffelsen.com\/es\/wp-json\/wp\/v2\/tags?post=1024"}],"curies":[{"name":"wp","href":"https:\/\/api.w.org\/{rel}","templated":true}]}}