{"id":1304,"date":"2022-12-12T15:23:20","date_gmt":"2022-12-12T20:23:20","guid":{"rendered":"https:\/\/stevenstoffelsen.com\/?p=1304"},"modified":"2022-12-12T15:23:24","modified_gmt":"2022-12-12T20:23:24","slug":"latir-corazon-dios-acercandonos","status":"publish","type":"post","link":"https:\/\/stevenstoffelsen.com\/es\/latir-corazon-dios-acercandonos\/","title":{"rendered":"El latir del Coraz\u00f3n de Dios: Acerc\u00e1ndonos a \u00c9l"},"content":{"rendered":"\n<p>\u00a1Una de las cosas m\u00e1s emocionantes para m\u00ed es escuchar el latir del coraz\u00f3n de mi hijo que pronto nacer\u00e1! Despu\u00e9s de 15 a\u00f1os de espera, estoy a punto de ser padre por primera vez. Mi esposa y yo hemos hecho viajes frecuentes al consultorio del m\u00e9dico. En cada visita tenemos la alegr\u00eda de escuchar los latidos de su coraz\u00f3n. Cada vez es muy impactante para m\u00ed. He grabado cada uno.<\/p>\n\n\n\n<p>Un latido del coraz\u00f3n habla de vida y amor. A veces encontrar los latidos del coraz\u00f3n del beb\u00e9 no es f\u00e1cil. El m\u00e9dico debe mover su Doppler fetal para encontrar el lugar correcto que nos haga escucharlo. Cada vez me recuerda que estoy mucho m\u00e1s cerca de sostener a mi beb\u00e9 en mis brazos. Si ya eres padre, sabes de lo que estoy hablando. Si usted ha estado luchando para tener un hijo, sepa que Dios contesta las oraciones.<\/p>\n\n\n\n<p>Hablando de la cercan\u00eda entre un padre y un hijo, quiero hacer un paralelo con el amor del Padre hacia nosotros. \u00c9l quiere que nos acerquemos para escuchar el latir de su coraz\u00f3n. \u00c9l no nos cre\u00f3 para estar distantes, sino que nos acerca a \u00c9l.<\/p>\n\n\n\n<h1 class=\"wp-block-heading\">1.&nbsp;&nbsp;&nbsp; Dios no tiene favoritos, pero pocos se atreven a escuchar el latir de su coraz\u00f3n.<\/h1>\n\n\n\n<p><em>Y uno de sus disc\u00edpulos, al cual Jes\u00fas amaba, estaba recostado al lado de Jes\u00fas. A este, pues, hizo se\u00f1as Sim\u00f3n Pedro, para que preguntase qui\u00e9n era aquel de quien hablaba. \u00c9l entonces, recostado cerca del pecho de Jes\u00fas, le dijo: Se\u00f1or, \u00bfqui\u00e9n es?<\/em>\u00bb <strong>&nbsp;Juan 13:23-25<\/strong><strong><\/strong><\/p>\n\n\n\n<p>Jes\u00fas tuvo 12 disc\u00edpulos, pero la biblia dice que solo uno se acerc\u00f3 lo suficiente como para apoyarse en su pecho. Creo que se sent\u00eda seguro y pod\u00eda escuchar el latir del coraz\u00f3n del Padre. Si lees todo el Evangelio de Juan, notar\u00e1s que Juan est\u00e1 hablando de s\u00ed mismo. \u00c9l era a quien Jes\u00fas amaba.<\/p>\n\n\n\n<p>Cuando te acercas al Esp\u00edritu de Dios y pasas tiempo en su presencia, comienzas a entender que eres amado. Cada uno de nosotros puede decir: \u00abYo soy el que Jes\u00fas ama\u00bb. No era el \u00fanico a quien Jes\u00fas amaba, pero sent\u00eda que estaba m\u00e1s cerca. Pod\u00eda sentir el amor que Jes\u00fas ten\u00eda hacia \u00e9l.<\/p>\n\n\n\n<p>Todos podemos sentir este amor. Lleva tiempo, incluso mucho esfuerzo. Tendremos que negarnos a nosotros mismos y seguirlo. El costo de sentir este tipo de amor es abandonar el mundo y seguirlo a Jes\u00fas.<\/p>\n\n\n\n<h2 class=\"wp-block-heading\">2.&nbsp;&nbsp;&nbsp;&nbsp;&nbsp; Jes\u00fas ten\u00eda doce disc\u00edpulos, pero s\u00f3lo tres estaban cerca.<\/h2>\n\n\n\n<p>Pedro, Jacobo y Juan se mencionan a menudo en Las Escrituras. Sus nombres aparecen porque a menudo caminaban con Jes\u00fas. Vieron cosas que los otros disc\u00edpulos no vieron. Jes\u00fas los pidi\u00f3 solo a ellos tres y excluy\u00f3 a los otros disc\u00edpulos. \u00bfC\u00f3mo se ve eso en el mundo de hoy?<\/p>\n\n\n\n<p>Estos disc\u00edpulos parec\u00edan ir a Jes\u00fas m\u00e1s que los dem\u00e1s. Los otros nueve generalmente estaban alrededor, sin embargo, parecen haber estado pasando el rato en el parte de atr\u00e1s. Cada disc\u00edpulo estaba siendo usado por Dios para hacer milagros, pero ciertos eventos reveladores especiales fueron excluidos.<\/p>\n\n\n\n<p>Un ejemplo de algo de lo que solo Pedro, Jacobo y Juan fueron parte fue la resurrecci\u00f3n de la hija de Jairo (<strong>Lucas 8:51<\/strong>). &nbsp;A todos se les permiti\u00f3 estar con Jes\u00fas hasta que \u00c9l entrara en la casa. Siguieron viendo la desesperaci\u00f3n de Jairo, probablemente deseando ver qu\u00e9 milagro har\u00eda Jes\u00fas. Hab\u00edan caminado durante mucho tiempo, vieron un milagro en el camino, pero cuando llegaron a la casa, Jes\u00fas solo les dijo a Pedro, Jacobo y Juan que entraran.<\/p>\n\n\n\n<p>Otro ejemplo fue la transfiguraci\u00f3n. Este fue un gran evento, sin embargo, solo Pedro, Jacobo y Juan estaban all\u00ed. Tambi\u00e9n les dijo que no se lo dijeran a nadie (<strong>Mateo 17:1-9<\/strong>). Imagina que eres parte del grupo central, pero a\u00fan as\u00ed no fuiste invitado a tal evento. \u00bfC\u00f3mo se habr\u00edan sentido los tres al no poder hablar sobre su experiencia?<\/p>\n\n\n\n<p>Deseo los mismos privilegios que Pedro, Jacobo y Juan tuvieron. Quiero la invitaci\u00f3n cuando Jes\u00fas dice que s\u00f3lo unos pocos pueden venir conmigo para ver esto. Muy pocas personas conocen este tipo de acceso a Jes\u00fas. Jes\u00fas nos est\u00e1 llamando m\u00e1s profundo en su presencia.<\/p>\n\n\n\n<h2 class=\"wp-block-heading\">3.&nbsp;&nbsp;&nbsp;&nbsp;&nbsp; Escuchamos el latir del coraz\u00f3n de Jes\u00fas al pasar tiempo en su presencia.<\/h2>\n\n\n\n<p><em>Por tanto, nosotros todos, mirando a cara descubierta como en un espejo la gloria del Se\u00f1or, somos transformados de gloria en gloria en la misma imagen, como por el Esp\u00edritu del Se\u00f1or. <\/em><strong>2 Corintios 3:18<\/strong><strong><\/strong><\/p>\n\n\n\n<p>Al contemplarlo, nos transformamos a su imagen. Cuanto m\u00e1s tiempo permanezcamos en su presencia, m\u00e1s nos volveremos como \u00c9l. Tu coraz\u00f3n comienza a latir como el suyo. Sus deseos se convierten en tuyos. Despu\u00e9s de un tiempo s\u00f3lo quieres estar con \u00c9l. Cada d\u00eda podemos acercarnos m\u00e1s a \u00c9l.<\/p>\n\n\n\n<h3 class=\"wp-block-heading\">Conclusi\u00f3n:<\/h3>\n\n\n\n<p>Dios quiere que escuchemos el latir de su coraz\u00f3n. \u00c9l nos cre\u00f3 para la intimidad. Creo que \u00c9l nos ha llamado a cada uno de nosotros a tareas especiales. \u00c9l no permitir\u00e1 que otros las cumplan. S\u00f3lo t\u00fa puedes hacer aquello a lo que \u00c9l te ha llamado. Cuanto m\u00e1s \u00edntimos seamos con \u00c9l, m\u00e1s veremos, m\u00e1s revelaci\u00f3n recibiremos.<\/p>\n\n\n\n<p>Nunca es demasiado tarde para comenzar esta jornada. Puedes vivir una vida de intimidad con Dios. Comience con solo unos minutos al d\u00eda. Encuentra un momento cada d\u00eda para buscar su rostro y orar. Despu\u00e9s de un tiempo, solo unos minutos no servir\u00e1n. Desear\u00e1s m\u00e1s. Es entonces cuando comienzas a escuchar los latidos de su coraz\u00f3n. Te acercas y tu vida nunca ser\u00e1 la misma.<\/p>\n\n\n\n<p>Steven Stoffelsen<\/p>\n\n\n\n<p>Autor de <a href=\"http:\/\/stevenstoffelsen.com\">Trusting God\u2019s Timing<\/a><\/p>\n","protected":false},"excerpt":{"rendered":"<p>\u00a1Una de las cosas m\u00e1s emocionantes para m\u00ed es escuchar el latir del coraz\u00f3n de mi hijo que pronto nacer\u00e1! Despu\u00e9s de 15 a\u00f1os de espera, estoy a punto de ser padre por primera vez. Mi esposa y yo hemos hecho viajes frecuentes al consultorio del m\u00e9dico. En cada visita tenemos la alegr\u00eda de escuchar los latidos<\/p>\n<p><span class=\"xf__dots\">&#8230;<\/span><a class=\"xf__more xf__button\" href=\"https:\/\/stevenstoffelsen.com\/es\/latir-corazon-dios-acercandonos\/\">Read More<\/a><\/p>\n","protected":false},"author":2,"featured_media":1305,"comment_status":"open","ping_status":"open","sticky":false,"template":"","format":"standard","meta":{"jetpack_post_was_ever_published":false,"_jetpack_newsletter_access":"","_jetpack_dont_email_post_to_subs":false,"_jetpack_newsletter_tier_id":0,"_jetpack_memberships_contains_paywalled_content":false,"_jetpack_memberships_contains_paid_content":false,"footnotes":"","jetpack_publicize_message":"","jetpack_publicize_feature_enabled":false,"jetpack_social_post_already_shared":true,"jetpack_social_options":{"image_generator_settings":{"template":"highway","default_image_id":0,"font":"","enabled":false},"version":2}},"categories":[144],"tags":[431,430,432,433,435,183,434],"class_list":["post-1304","post","type-post","status-publish","format-standard","has-post-thumbnail","hentry","category-blog-2","tag-acercamiento","tag-bebe","tag-escuchar","tag-jornada","tag-latidos","tag-padre","tag-privilegios","xf__entry"],"yoast_head":"<!-- This site is optimized with the Yoast SEO plugin v27.4 - https:\/\/yoast.com\/product\/yoast-seo-wordpress\/ -->\n<title>El latir del Coraz\u00f3n de Dios: Acerc\u00e1ndonos a \u00c9l - Steven Stoffelsen<\/title>\n<meta name=\"description\" content=\"Una de las cosas m\u00e1s emocionantes para m\u00ed es escuchar el latir del coraz\u00f3n de mi hijo que pronto nacer\u00e1! Despu\u00e9s de 15 a\u00f1os de espera, estoy\" \/>\n<meta name=\"robots\" content=\"index, follow, max-snippet:-1, max-image-preview:large, max-video-preview:-1\" \/>\n<link rel=\"canonical\" href=\"https:\/\/stevenstoffelsen.com\/es\/latir-corazon-dios-acercandonos\/\" \/>\n<meta property=\"og:locale\" content=\"es_ES\" \/>\n<meta property=\"og:type\" content=\"article\" \/>\n<meta property=\"og:title\" content=\"El latir del Coraz\u00f3n de Dios: Acerc\u00e1ndonos a \u00c9l - Steven Stoffelsen\" \/>\n<meta property=\"og:description\" content=\"Una de las cosas m\u00e1s emocionantes para m\u00ed es escuchar el latir del coraz\u00f3n de mi hijo que pronto nacer\u00e1! Despu\u00e9s de 15 a\u00f1os de espera, estoy\" \/>\n<meta property=\"og:url\" content=\"https:\/\/stevenstoffelsen.com\/es\/latir-corazon-dios-acercandonos\/\" \/>\n<meta property=\"og:site_name\" content=\"Steven Stoffelsen\" \/>\n<meta property=\"article:publisher\" content=\"https:\/\/www.facebook.com\/stevenkarlastoffelsen\/\" \/>\n<meta property=\"article:author\" content=\"https:\/\/www.facebook.com\/stevenkarlastoffelsen\/\" \/>\n<meta property=\"article:published_time\" content=\"2022-12-12T20:23:20+00:00\" \/>\n<meta property=\"article:modified_time\" content=\"2022-12-12T20:23:24+00:00\" \/>\n<meta property=\"og:image\" content=\"https:\/\/stevenstoffelsen.com\/wp-content\/uploads\/2022\/12\/El-Latir-del-Corazon-de-Dios.png\" \/>\n\t<meta property=\"og:image:width\" content=\"1200\" \/>\n\t<meta property=\"og:image:height\" content=\"675\" \/>\n\t<meta property=\"og:image:type\" content=\"image\/png\" \/>\n<meta name=\"author\" content=\"Steven Stoffelsen\" \/>\n<meta name=\"twitter:card\" content=\"summary_large_image\" \/>\n<meta name=\"twitter:label1\" content=\"Escrito por\" \/>\n\t<meta name=\"twitter:data1\" content=\"Steven Stoffelsen\" \/>\n\t<meta name=\"twitter:label2\" content=\"Tiempo de lectura\" \/>\n\t<meta name=\"twitter:data2\" content=\"5 minutos\" \/>\n<script type=\"application\/ld+json\" class=\"yoast-schema-graph\">{\"@context\":\"https:\\\/\\\/schema.org\",\"@graph\":[{\"@type\":\"Article\",\"@id\":\"https:\\\/\\\/stevenstoffelsen.com\\\/es\\\/latir-corazon-dios-acercandonos\\\/#article\",\"isPartOf\":{\"@id\":\"https:\\\/\\\/stevenstoffelsen.com\\\/es\\\/latir-corazon-dios-acercandonos\\\/\"},\"author\":{\"name\":\"Steven Stoffelsen\",\"@id\":\"https:\\\/\\\/stevenstoffelsen.com\\\/es\\\/#\\\/schema\\\/person\\\/eba0645f96003c8886747e20def02d3e\"},\"headline\":\"El latir del Coraz\u00f3n de Dios: Acerc\u00e1ndonos a \u00c9l\",\"datePublished\":\"2022-12-12T20:23:20+00:00\",\"dateModified\":\"2022-12-12T20:23:24+00:00\",\"mainEntityOfPage\":{\"@id\":\"https:\\\/\\\/stevenstoffelsen.com\\\/es\\\/latir-corazon-dios-acercandonos\\\/\"},\"wordCount\":1042,\"commentCount\":0,\"publisher\":{\"@id\":\"https:\\\/\\\/stevenstoffelsen.com\\\/es\\\/#\\\/schema\\\/person\\\/eba0645f96003c8886747e20def02d3e\"},\"image\":{\"@id\":\"https:\\\/\\\/stevenstoffelsen.com\\\/es\\\/latir-corazon-dios-acercandonos\\\/#primaryimage\"},\"thumbnailUrl\":\"https:\\\/\\\/i0.wp.com\\\/stevenstoffelsen.com\\\/wp-content\\\/uploads\\\/2022\\\/12\\\/El-Latir-del-Corazon-de-Dios.png?fit=1200%2C675&ssl=1\",\"keywords\":[\"acercamiento\",\"bebe\",\"escuchar\",\"jornada\",\"latidos\",\"Padre\",\"privilegios\"],\"articleSection\":[\"Blog\"],\"inLanguage\":\"es\",\"potentialAction\":[{\"@type\":\"CommentAction\",\"name\":\"Comment\",\"target\":[\"https:\\\/\\\/stevenstoffelsen.com\\\/es\\\/latir-corazon-dios-acercandonos\\\/#respond\"]}]},{\"@type\":\"WebPage\",\"@id\":\"https:\\\/\\\/stevenstoffelsen.com\\\/es\\\/latir-corazon-dios-acercandonos\\\/\",\"url\":\"https:\\\/\\\/stevenstoffelsen.com\\\/es\\\/latir-corazon-dios-acercandonos\\\/\",\"name\":\"El latir del Coraz\u00f3n de Dios: Acerc\u00e1ndonos a \u00c9l - Steven Stoffelsen\",\"isPartOf\":{\"@id\":\"https:\\\/\\\/stevenstoffelsen.com\\\/es\\\/#website\"},\"primaryImageOfPage\":{\"@id\":\"https:\\\/\\\/stevenstoffelsen.com\\\/es\\\/latir-corazon-dios-acercandonos\\\/#primaryimage\"},\"image\":{\"@id\":\"https:\\\/\\\/stevenstoffelsen.com\\\/es\\\/latir-corazon-dios-acercandonos\\\/#primaryimage\"},\"thumbnailUrl\":\"https:\\\/\\\/i0.wp.com\\\/stevenstoffelsen.com\\\/wp-content\\\/uploads\\\/2022\\\/12\\\/El-Latir-del-Corazon-de-Dios.png?fit=1200%2C675&ssl=1\",\"datePublished\":\"2022-12-12T20:23:20+00:00\",\"dateModified\":\"2022-12-12T20:23:24+00:00\",\"description\":\"Una de las cosas m\u00e1s emocionantes para m\u00ed es escuchar el latir del coraz\u00f3n de mi hijo que pronto nacer\u00e1! Despu\u00e9s de 15 a\u00f1os de espera, estoy\",\"breadcrumb\":{\"@id\":\"https:\\\/\\\/stevenstoffelsen.com\\\/es\\\/latir-corazon-dios-acercandonos\\\/#breadcrumb\"},\"inLanguage\":\"es\",\"potentialAction\":[{\"@type\":\"ReadAction\",\"target\":[\"https:\\\/\\\/stevenstoffelsen.com\\\/es\\\/latir-corazon-dios-acercandonos\\\/\"]}]},{\"@type\":\"ImageObject\",\"inLanguage\":\"es\",\"@id\":\"https:\\\/\\\/stevenstoffelsen.com\\\/es\\\/latir-corazon-dios-acercandonos\\\/#primaryimage\",\"url\":\"https:\\\/\\\/i0.wp.com\\\/stevenstoffelsen.com\\\/wp-content\\\/uploads\\\/2022\\\/12\\\/El-Latir-del-Corazon-de-Dios.png?fit=1200%2C675&ssl=1\",\"contentUrl\":\"https:\\\/\\\/i0.wp.com\\\/stevenstoffelsen.com\\\/wp-content\\\/uploads\\\/2022\\\/12\\\/El-Latir-del-Corazon-de-Dios.png?fit=1200%2C675&ssl=1\",\"width\":1200,\"height\":675,\"caption\":\"El Latir del Corazon de Dios\"},{\"@type\":\"BreadcrumbList\",\"@id\":\"https:\\\/\\\/stevenstoffelsen.com\\\/es\\\/latir-corazon-dios-acercandonos\\\/#breadcrumb\",\"itemListElement\":[{\"@type\":\"ListItem\",\"position\":1,\"name\":\"Home\",\"item\":\"https:\\\/\\\/stevenstoffelsen.com\\\/es\\\/\"},{\"@type\":\"ListItem\",\"position\":2,\"name\":\"El latir del Coraz\u00f3n de Dios: Acerc\u00e1ndonos a \u00c9l\"}]},{\"@type\":\"WebSite\",\"@id\":\"https:\\\/\\\/stevenstoffelsen.com\\\/es\\\/#website\",\"url\":\"https:\\\/\\\/stevenstoffelsen.com\\\/es\\\/\",\"name\":\"Steven Stoffelsen\",\"description\":\"Author, Speaker &amp; Missionary to Guatemala\",\"publisher\":{\"@id\":\"https:\\\/\\\/stevenstoffelsen.com\\\/es\\\/#\\\/schema\\\/person\\\/eba0645f96003c8886747e20def02d3e\"},\"potentialAction\":[{\"@type\":\"SearchAction\",\"target\":{\"@type\":\"EntryPoint\",\"urlTemplate\":\"https:\\\/\\\/stevenstoffelsen.com\\\/es\\\/?s={search_term_string}\"},\"query-input\":{\"@type\":\"PropertyValueSpecification\",\"valueRequired\":true,\"valueName\":\"search_term_string\"}}],\"inLanguage\":\"es\"},{\"@type\":[\"Person\",\"Organization\"],\"@id\":\"https:\\\/\\\/stevenstoffelsen.com\\\/es\\\/#\\\/schema\\\/person\\\/eba0645f96003c8886747e20def02d3e\",\"name\":\"Steven Stoffelsen\",\"image\":{\"@type\":\"ImageObject\",\"inLanguage\":\"es\",\"@id\":\"https:\\\/\\\/i0.wp.com\\\/stevenstoffelsen.com\\\/wp-content\\\/uploads\\\/2016\\\/11\\\/cropped-steve-stoffelsen-title.png?fit=200%2C200&ssl=1\",\"url\":\"https:\\\/\\\/i0.wp.com\\\/stevenstoffelsen.com\\\/wp-content\\\/uploads\\\/2016\\\/11\\\/cropped-steve-stoffelsen-title.png?fit=200%2C200&ssl=1\",\"contentUrl\":\"https:\\\/\\\/i0.wp.com\\\/stevenstoffelsen.com\\\/wp-content\\\/uploads\\\/2016\\\/11\\\/cropped-steve-stoffelsen-title.png?fit=200%2C200&ssl=1\",\"width\":200,\"height\":200,\"caption\":\"Steven Stoffelsen\"},\"logo\":{\"@id\":\"https:\\\/\\\/i0.wp.com\\\/stevenstoffelsen.com\\\/wp-content\\\/uploads\\\/2016\\\/11\\\/cropped-steve-stoffelsen-title.png?fit=200%2C200&ssl=1\"},\"sameAs\":[\"http:\\\/\\\/www.houseofrefuge.ca\",\"https:\\\/\\\/www.facebook.com\\\/stevenkarlastoffelsen\\\/\"]}]}<\/script>\n<!-- \/ Yoast SEO plugin. -->","yoast_head_json":{"title":"El latir del Coraz\u00f3n de Dios: Acerc\u00e1ndonos a \u00c9l - Steven Stoffelsen","description":"Una de las cosas m\u00e1s emocionantes para m\u00ed es escuchar el latir del coraz\u00f3n de mi hijo que pronto nacer\u00e1! Despu\u00e9s de 15 a\u00f1os de espera, estoy","robots":{"index":"index","follow":"follow","max-snippet":"max-snippet:-1","max-image-preview":"max-image-preview:large","max-video-preview":"max-video-preview:-1"},"canonical":"https:\/\/stevenstoffelsen.com\/es\/latir-corazon-dios-acercandonos\/","og_locale":"es_ES","og_type":"article","og_title":"El latir del Coraz\u00f3n de Dios: Acerc\u00e1ndonos a \u00c9l - Steven Stoffelsen","og_description":"Una de las cosas m\u00e1s emocionantes para m\u00ed es escuchar el latir del coraz\u00f3n de mi hijo que pronto nacer\u00e1! Despu\u00e9s de 15 a\u00f1os de espera, estoy","og_url":"https:\/\/stevenstoffelsen.com\/es\/latir-corazon-dios-acercandonos\/","og_site_name":"Steven Stoffelsen","article_publisher":"https:\/\/www.facebook.com\/stevenkarlastoffelsen\/","article_author":"https:\/\/www.facebook.com\/stevenkarlastoffelsen\/","article_published_time":"2022-12-12T20:23:20+00:00","article_modified_time":"2022-12-12T20:23:24+00:00","og_image":[{"width":1200,"height":675,"url":"https:\/\/stevenstoffelsen.com\/wp-content\/uploads\/2022\/12\/El-Latir-del-Corazon-de-Dios.png","type":"image\/png"}],"author":"Steven Stoffelsen","twitter_card":"summary_large_image","twitter_misc":{"Escrito por":"Steven Stoffelsen","Tiempo de lectura":"5 minutos"},"schema":{"@context":"https:\/\/schema.org","@graph":[{"@type":"Article","@id":"https:\/\/stevenstoffelsen.com\/es\/latir-corazon-dios-acercandonos\/#article","isPartOf":{"@id":"https:\/\/stevenstoffelsen.com\/es\/latir-corazon-dios-acercandonos\/"},"author":{"name":"Steven Stoffelsen","@id":"https:\/\/stevenstoffelsen.com\/es\/#\/schema\/person\/eba0645f96003c8886747e20def02d3e"},"headline":"El latir del Coraz\u00f3n de Dios: Acerc\u00e1ndonos a \u00c9l","datePublished":"2022-12-12T20:23:20+00:00","dateModified":"2022-12-12T20:23:24+00:00","mainEntityOfPage":{"@id":"https:\/\/stevenstoffelsen.com\/es\/latir-corazon-dios-acercandonos\/"},"wordCount":1042,"commentCount":0,"publisher":{"@id":"https:\/\/stevenstoffelsen.com\/es\/#\/schema\/person\/eba0645f96003c8886747e20def02d3e"},"image":{"@id":"https:\/\/stevenstoffelsen.com\/es\/latir-corazon-dios-acercandonos\/#primaryimage"},"thumbnailUrl":"https:\/\/i0.wp.com\/stevenstoffelsen.com\/wp-content\/uploads\/2022\/12\/El-Latir-del-Corazon-de-Dios.png?fit=1200%2C675&ssl=1","keywords":["acercamiento","bebe","escuchar","jornada","latidos","Padre","privilegios"],"articleSection":["Blog"],"inLanguage":"es","potentialAction":[{"@type":"CommentAction","name":"Comment","target":["https:\/\/stevenstoffelsen.com\/es\/latir-corazon-dios-acercandonos\/#respond"]}]},{"@type":"WebPage","@id":"https:\/\/stevenstoffelsen.com\/es\/latir-corazon-dios-acercandonos\/","url":"https:\/\/stevenstoffelsen.com\/es\/latir-corazon-dios-acercandonos\/","name":"El latir del Coraz\u00f3n de Dios: Acerc\u00e1ndonos a \u00c9l - Steven Stoffelsen","isPartOf":{"@id":"https:\/\/stevenstoffelsen.com\/es\/#website"},"primaryImageOfPage":{"@id":"https:\/\/stevenstoffelsen.com\/es\/latir-corazon-dios-acercandonos\/#primaryimage"},"image":{"@id":"https:\/\/stevenstoffelsen.com\/es\/latir-corazon-dios-acercandonos\/#primaryimage"},"thumbnailUrl":"https:\/\/i0.wp.com\/stevenstoffelsen.com\/wp-content\/uploads\/2022\/12\/El-Latir-del-Corazon-de-Dios.png?fit=1200%2C675&ssl=1","datePublished":"2022-12-12T20:23:20+00:00","dateModified":"2022-12-12T20:23:24+00:00","description":"Una de las cosas m\u00e1s emocionantes para m\u00ed es escuchar el latir del coraz\u00f3n de mi hijo que pronto nacer\u00e1! Despu\u00e9s de 15 a\u00f1os de espera, estoy","breadcrumb":{"@id":"https:\/\/stevenstoffelsen.com\/es\/latir-corazon-dios-acercandonos\/#breadcrumb"},"inLanguage":"es","potentialAction":[{"@type":"ReadAction","target":["https:\/\/stevenstoffelsen.com\/es\/latir-corazon-dios-acercandonos\/"]}]},{"@type":"ImageObject","inLanguage":"es","@id":"https:\/\/stevenstoffelsen.com\/es\/latir-corazon-dios-acercandonos\/#primaryimage","url":"https:\/\/i0.wp.com\/stevenstoffelsen.com\/wp-content\/uploads\/2022\/12\/El-Latir-del-Corazon-de-Dios.png?fit=1200%2C675&ssl=1","contentUrl":"https:\/\/i0.wp.com\/stevenstoffelsen.com\/wp-content\/uploads\/2022\/12\/El-Latir-del-Corazon-de-Dios.png?fit=1200%2C675&ssl=1","width":1200,"height":675,"caption":"El Latir del Corazon de Dios"},{"@type":"BreadcrumbList","@id":"https:\/\/stevenstoffelsen.com\/es\/latir-corazon-dios-acercandonos\/#breadcrumb","itemListElement":[{"@type":"ListItem","position":1,"name":"Home","item":"https:\/\/stevenstoffelsen.com\/es\/"},{"@type":"ListItem","position":2,"name":"El latir del Coraz\u00f3n de Dios: Acerc\u00e1ndonos a \u00c9l"}]},{"@type":"WebSite","@id":"https:\/\/stevenstoffelsen.com\/es\/#website","url":"https:\/\/stevenstoffelsen.com\/es\/","name":"Steven Stoffelsen","description":"Author, Speaker &amp; Missionary to Guatemala","publisher":{"@id":"https:\/\/stevenstoffelsen.com\/es\/#\/schema\/person\/eba0645f96003c8886747e20def02d3e"},"potentialAction":[{"@type":"SearchAction","target":{"@type":"EntryPoint","urlTemplate":"https:\/\/stevenstoffelsen.com\/es\/?s={search_term_string}"},"query-input":{"@type":"PropertyValueSpecification","valueRequired":true,"valueName":"search_term_string"}}],"inLanguage":"es"},{"@type":["Person","Organization"],"@id":"https:\/\/stevenstoffelsen.com\/es\/#\/schema\/person\/eba0645f96003c8886747e20def02d3e","name":"Steven Stoffelsen","image":{"@type":"ImageObject","inLanguage":"es","@id":"https:\/\/i0.wp.com\/stevenstoffelsen.com\/wp-content\/uploads\/2016\/11\/cropped-steve-stoffelsen-title.png?fit=200%2C200&ssl=1","url":"https:\/\/i0.wp.com\/stevenstoffelsen.com\/wp-content\/uploads\/2016\/11\/cropped-steve-stoffelsen-title.png?fit=200%2C200&ssl=1","contentUrl":"https:\/\/i0.wp.com\/stevenstoffelsen.com\/wp-content\/uploads\/2016\/11\/cropped-steve-stoffelsen-title.png?fit=200%2C200&ssl=1","width":200,"height":200,"caption":"Steven Stoffelsen"},"logo":{"@id":"https:\/\/i0.wp.com\/stevenstoffelsen.com\/wp-content\/uploads\/2016\/11\/cropped-steve-stoffelsen-title.png?fit=200%2C200&ssl=1"},"sameAs":["http:\/\/www.houseofrefuge.ca","https:\/\/www.facebook.com\/stevenkarlastoffelsen\/"]}]}},"jetpack_publicize_connections":[],"jetpack_featured_media_url":"https:\/\/i0.wp.com\/stevenstoffelsen.com\/wp-content\/uploads\/2022\/12\/El-Latir-del-Corazon-de-Dios.png?fit=1200%2C675&ssl=1","jetpack_shortlink":"https:\/\/wp.me\/paQBRI-l2","jetpack_sharing_enabled":true,"_links":{"self":[{"href":"https:\/\/stevenstoffelsen.com\/es\/wp-json\/wp\/v2\/posts\/1304","targetHints":{"allow":["GET"]}}],"collection":[{"href":"https:\/\/stevenstoffelsen.com\/es\/wp-json\/wp\/v2\/posts"}],"about":[{"href":"https:\/\/stevenstoffelsen.com\/es\/wp-json\/wp\/v2\/types\/post"}],"author":[{"embeddable":true,"href":"https:\/\/stevenstoffelsen.com\/es\/wp-json\/wp\/v2\/users\/2"}],"replies":[{"embeddable":true,"href":"https:\/\/stevenstoffelsen.com\/es\/wp-json\/wp\/v2\/comments?post=1304"}],"version-history":[{"count":1,"href":"https:\/\/stevenstoffelsen.com\/es\/wp-json\/wp\/v2\/posts\/1304\/revisions"}],"predecessor-version":[{"id":1307,"href":"https:\/\/stevenstoffelsen.com\/es\/wp-json\/wp\/v2\/posts\/1304\/revisions\/1307"}],"wp:featuredmedia":[{"embeddable":true,"href":"https:\/\/stevenstoffelsen.com\/es\/wp-json\/wp\/v2\/media\/1305"}],"wp:attachment":[{"href":"https:\/\/stevenstoffelsen.com\/es\/wp-json\/wp\/v2\/media?parent=1304"}],"wp:term":[{"taxonomy":"category","embeddable":true,"href":"https:\/\/stevenstoffelsen.com\/es\/wp-json\/wp\/v2\/categories?post=1304"},{"taxonomy":"post_tag","embeddable":true,"href":"https:\/\/stevenstoffelsen.com\/es\/wp-json\/wp\/v2\/tags?post=1304"}],"curies":[{"name":"wp","href":"https:\/\/api.w.org\/{rel}","templated":true}]}}